{"id":12903,"date":"2025-11-19T11:46:52","date_gmt":"2025-11-19T10:46:52","guid":{"rendered":"https:\/\/www.akunas.com\/?p=12903"},"modified":"2026-01-10T07:35:56","modified_gmt":"2026-01-10T06:35:56","slug":"prix-de-limmobilier-sur-les-cotes-espagnoles-en-2026","status":"publish","type":"post","link":"https:\/\/www.akunas.com\/fr\/12903-prix-de-limmobilier-sur-les-cotes-espagnoles-en-2026","title":{"rendered":"Prix de l\u2019immobilier sur les c\u00f4tes espagnoles en 2026"},"content":{"rendered":"\n<h2 class=\"wp-block-heading\">Pourquoi acheter ne sera probablement pas moins cher<\/h2>\n\n\n\n<p>Le march\u00e9 immobilier espagnol est loin de se refroidir. Au contraire : 2024 et 2025 montrent les plus fortes hausses de prix depuis la derni\u00e8re grande phase de boom immobilier, et tous les grands analystes s\u2019attendent \u00e0 de nouvelles augmentations en 2026, ce qui soul\u00e8ve des questions sur le <strong>Prix de l\u2019immobilier sur les c\u00f4tes espagnoles en 2026<\/strong>. Cela vaut tout particuli\u00e8rement pour les c\u00f4tes espagnoles \u2013 les r\u00e9gions pr\u00e9f\u00e9r\u00e9es des acheteurs internationaux.<\/p>\n\n\n\n<p>Selon les donn\u00e9es r\u00e9centes, les prix des logements en Espagne ont augment\u00e9 en moyenne de&nbsp;<strong>8,4 % en 2024<\/strong>. Au&nbsp;<strong>premier trimestre 2025<\/strong>, les prix \u00e9taient m\u00eame&nbsp;<strong>sup\u00e9rieurs de 12,2 % \u00e0 ceux de l\u2019ann\u00e9e pr\u00e9c\u00e9dente<\/strong>, d\u2019apr\u00e8s l\u2019indice officiel des prix de l\u2019immobilier de l\u2019Institut national de statistique espagnol (INE).<\/p>\n\n\n\n<p>Dans le m\u00eame temps, les prix le long de la c\u00f4te atteignent des niveaux records. En 2025, la soci\u00e9t\u00e9 d\u2019expertise&nbsp;<strong>Tinsa<\/strong>rapporte que&nbsp;<strong>le prix moyen sur les c\u00f4tes espagnoles<\/strong>&nbsp;(r\u00e9sidences principales et secondaires) a augment\u00e9 de&nbsp;<strong>7,2 %<\/strong>&nbsp;en un an, tandis que&nbsp;<strong>les r\u00e9sidences secondaires \/ logements de vacances sur la c\u00f4te ont grimp\u00e9 de 12,1 %<\/strong>, pour atteindre en moyenne&nbsp;<strong>2 970 \u20ac\/m\u00b2<\/strong>.<\/p>\n\n\n\n<p>Dans cet article, nous expliquons :<\/p>\n\n\n\n<ul class=\"wp-block-list\">\n<li>ce que montrent exactement les chiffres pour 2024\u20132025,<\/li>\n\n\n\n<li>quelles sont les pr\u00e9visions pour 2026,<\/li>\n\n\n\n<li>pourquoi les c\u00f4tes progressent plus vite que le reste de l\u2019Espagne,<\/li>\n\n\n\n<li>quelles r\u00e9gions sont les plus int\u00e9ressantes pour les acheteurs et les investisseurs,<\/li>\n\n\n\n<li>et ce que cela signifie concr\u00e8tement si vous envisagez d\u2019acheter un bien en Espagne en 2026.<\/li>\n<\/ul>\n\n\n\n<p>Dans cet article, nous allons explorer le <strong>Prix de l\u2019immobilier sur les c\u00f4tes espagnoles en 2026<\/strong> et ses implications pour les acheteurs potentiels.<\/p>\n\n\n\n<figure class=\"wp-block-image size-large wp-duotone-duotone-2\"><img loading=\"lazy\" decoding=\"async\" width=\"1920\" height=\"1047\" src=\"https:\/\/www.akunas.com\/wp-content\/uploads\/2025\/11\/AdobeStock_1716384223-1920x1047.webp\" alt=\"Prix de l\u2019immobilier sur les c\u00f4tes espagnoles en 2026\" class=\"wp-image-12898\" srcset=\"https:\/\/www.akunas.com\/wp-content\/uploads\/2025\/11\/AdobeStock_1716384223-1920x1047.webp 1920w, https:\/\/www.akunas.com\/wp-content\/uploads\/2025\/11\/AdobeStock_1716384223-1024x559.webp 1024w, https:\/\/www.akunas.com\/wp-content\/uploads\/2025\/11\/AdobeStock_1716384223-768x419.webp 768w, https:\/\/www.akunas.com\/wp-content\/uploads\/2025\/11\/AdobeStock_1716384223-1536x838.webp 1536w, https:\/\/www.akunas.com\/wp-content\/uploads\/2025\/11\/AdobeStock_1716384223-2048x1117.webp 2048w\" sizes=\"auto, (max-width: 1920px) 100vw, 1920px\" \/><\/figure>\n\n\n\n<h2 class=\"wp-block-heading\">1. Le march\u00e9 aujourd\u2019hui : forte croissance, mais pas de bulle<\/h2>\n\n\n\n<p>Si l\u2019on observe les donn\u00e9es de l\u2019INE et de plusieurs instituts de recherche, la tendance est claire :&nbsp;<strong>les prix augmentent depuis des ann\u00e9es plus vite que l\u2019inflation<\/strong>.<\/p>\n\n\n\n<p>En r\u00e9sum\u00e9 :<\/p>\n\n\n\n<ul class=\"wp-block-list\">\n<li><strong>2024<\/strong>&nbsp;: hausse moyenne des prix de&nbsp;<strong>8,4 %<\/strong>&nbsp;sur l\u2019ensemble du pays.<\/li>\n\n\n\n<li><strong>1er trimestre 2025<\/strong>&nbsp;: le logement moyen est&nbsp;<strong>12,2 % plus cher<\/strong>&nbsp;qu\u2019un an auparavant ; les march\u00e9s du neuf et de la revente \u00e9voluent \u00e0 peu pr\u00e8s au m\u00eame rythme.<\/li>\n<\/ul>\n\n\n\n<p>Tinsa observe une acc\u00e9l\u00e9ration le long de la&nbsp;<strong>c\u00f4te<\/strong>&nbsp;:<\/p>\n\n\n\n<ul class=\"wp-block-list\">\n<li><strong>+7,2 %<\/strong>&nbsp;pour l\u2019ensemble du segment c\u00f4tier (r\u00e9sidences principales et secondaires).<\/li>\n\n\n\n<li><strong>+12,1 %<\/strong>&nbsp;pour les r\u00e9sidences secondaires \/ logements de vacances sur la c\u00f4te, avec un prix moyen de&nbsp;<strong>2 970 \u20ac\/m\u00b2<\/strong>.<\/li>\n<\/ul>\n\n\n\n<p>\u00c0 cela s\u2019ajoute une \u00e9volution tr\u00e8s marqu\u00e9e dans certaines villes et provinces. Ainsi, en&nbsp;<strong>juin 2025<\/strong>, la ville d\u2019<strong>Alicante<\/strong>&nbsp;a atteint un record de&nbsp;<strong>2 435 \u20ac\/m\u00b2<\/strong>, soit une&nbsp;<strong>hausse annuelle de 16,4 %<\/strong>, selon Idealista.<\/p>\n\n\n\n<p>Au niveau national, l\u2019Espagne a \u00e9galement franchi un nouveau cap : selon la derni\u00e8re analyse de Bankinter bas\u00e9e sur les donn\u00e9es d\u2019Idealista,&nbsp;<strong>en octobre 2025<\/strong>, le&nbsp;<strong>prix moyen de la revente atteignait 2 555 \u20ac\/m\u00b2<\/strong>, ce qui repr\u00e9sente une&nbsp;<strong>augmentation de 15,7 % sur un an<\/strong>.<\/p>\n\n\n\n<p>Il est important de souligner que plusieurs sources \u2013 notamment BBVA Research et Bankinter \u2013 \u00e9voquent un march\u00e9 \u00ab en surchauffe \u00bb avec une forte p\u00e9nurie d\u2019offre, mais&nbsp;<strong>pas une bulle sp\u00e9culative classique<\/strong>&nbsp;comme en 2007. La croissance est principalement li\u00e9e au d\u00e9s\u00e9quilibre entre l\u2019offre et la demande, \u00e0 des conditions de financement relativement favorables et \u00e0 une \u00e9conomie solide.<\/p>\n\n\n\n<h2 class=\"wp-block-heading\">2. Que pr\u00e9voient BBVA, Bankinter, Singular Bank et REBS pour 2026 ?<\/h2>\n\n\n\n<p>Pour se projeter vers 2026, il est utile d\u2019examiner ce que pr\u00e9disent les principaux acteurs.<\/p>\n\n\n\n<h3 class=\"wp-block-heading\"><strong>BBVA Research<\/strong><\/h3>\n\n\n\n<p>Dans son rapport&nbsp;<strong>Real Estate Watch<\/strong>&nbsp;de mai 2025, BBVA Research pr\u00e9voit que les&nbsp;<strong>prix de l\u2019immobilier en Espagne<\/strong>augmenteront en moyenne de&nbsp;<strong>7,3 % en 2025<\/strong>&nbsp;et de&nbsp;<strong>5,3 % en 2026<\/strong>, dans un sc\u00e9nario o\u00f9 les taux d\u2019int\u00e9r\u00eat baissent progressivement et o\u00f9 l\u2019\u00e9conomie reste robuste.<\/p>\n\n\n\n<p>Un&nbsp;<strong>rapport Observatorio Inmobiliario<\/strong>&nbsp;plus r\u00e9cent, publi\u00e9 en octobre 2025 et relay\u00e9 par El Pa\u00eds, va encore plus loin et \u00e9voque une&nbsp;<strong>hausse possible de 10 % en 2025 et 7 % en 2026<\/strong>, en raison d\u2019une p\u00e9nurie persistante de logements abordables.<\/p>\n\n\n\n<h3 class=\"wp-block-heading\"><strong>Bankinter<\/strong><\/h3>\n\n\n\n<p>Bankinter, l\u2019une des banques les plus actives sur le march\u00e9 des cr\u00e9dits hypoth\u00e9caires en Espagne, table sur :<\/p>\n\n\n\n<ul class=\"wp-block-list\">\n<li><strong>+5 % en 2025<\/strong>,<\/li>\n\n\n\n<li><strong>+3 % en 2026<\/strong>,<\/li>\n<\/ul>\n\n\n\n<p>apr\u00e8s une hausse estim\u00e9e de&nbsp;<strong>8 \u00e0 11 % en 2024<\/strong>. En r\u00e9sum\u00e9 : la hausse se poursuit, mais le rythme pourrait l\u00e9g\u00e8rement ralentir par rapport au boom de 2024\u20132025.<\/p>\n\n\n\n<h3 class=\"wp-block-heading\">Singular Bank<\/h3>\n\n\n\n<p><strong>Singular Bank<\/strong>&nbsp;pr\u00e9voit une&nbsp;<strong>augmentation cumul\u00e9e d\u2019environ 9 % sur 2025\u20132026<\/strong>, soit en gros 4 \u00e0 5 % par an.<\/p>\n\n\n\n<h3 class=\"wp-block-heading\"><strong>REBS &amp; Universit\u00e9 de M\u00e1laga (Puls\u00edmetro Inmobiliario)<\/strong><\/h3>\n\n\n\n<p>La&nbsp;<strong>Real Estate Business School (REBS)<\/strong>&nbsp;et l\u2019<strong>Universit\u00e9 de M\u00e1laga<\/strong>&nbsp;estiment dans leur indicateur Puls\u00edmetro que&nbsp;<strong>les prix augmenteront en moyenne de 5 \u00e0 6 % en 2026<\/strong>, tandis que le nombre de transactions et de pr\u00eats hypoth\u00e9caires continuera \u00e9galement de progresser.<\/p>\n\n\n\n<h3 class=\"wp-block-heading\"><strong>La lecture d\u2019ensemble<\/strong><\/h3>\n\n\n\n<p>Si l\u2019on met toutes ces pr\u00e9visions bout \u00e0 bout, on obtient une image assez coh\u00e9rente :<\/p>\n\n\n\n<ul class=\"wp-block-list\">\n<li>tous les sc\u00e9narios \u00e9voquent une&nbsp;<strong>poursuite de la hausse<\/strong>,<\/li>\n\n\n\n<li>la plupart des projections nationales se situent entre&nbsp;<strong>+3 % et +7 %<\/strong>,<\/li>\n\n\n\n<li>dans un sc\u00e9nario plus dynamique, la hausse pourrait atteindre&nbsp;<strong>environ +7 %<\/strong>&nbsp;en 2026 dans les r\u00e9gions o\u00f9 l\u2019offre est la plus limit\u00e9e.<\/li>\n<\/ul>\n\n\n\n<p>Et les c\u00f4tes dans tout \u00e7a ? Historiquement, elles&nbsp;<strong>surperforment presque toujours la moyenne nationale<\/strong>.<\/p>\n\n\n\n<h2 class=\"wp-block-heading\">3. Pourquoi les c\u00f4tes espagnoles montent plus vite que le reste du pays<\/h2>\n\n\n\n<p>Les r\u00e9gions c\u00f4ti\u00e8res jouent le r\u00f4le de v\u00e9ritable moteur au sein du march\u00e9 immobilier espagnol. Quatre facteurs structurels en sont \u00e0 l\u2019origine.<\/p>\n\n\n\n<h3 class=\"wp-block-heading\"><strong>3.1 Une demande internationale tr\u00e8s forte<\/strong><\/h3>\n\n\n\n<p>Selon les donn\u00e9es du minist\u00e8re des Transports (analys\u00e9es par Realting),&nbsp;<strong>60 822 achats de logements en 2024<\/strong>&nbsp;ont \u00e9t\u00e9 r\u00e9alis\u00e9s par des non-r\u00e9sidents \u2013 soit environ&nbsp;<strong>9 % de l\u2019ensemble des ventes<\/strong>&nbsp;dans le pays.<\/p>\n\n\n\n<p>Sur les c\u00f4tes, cette part est bien plus \u00e9lev\u00e9e. Au&nbsp;<strong>1er trimestre 2025<\/strong>&nbsp;:<\/p>\n\n\n\n<ul class=\"wp-block-list\">\n<li><strong>22 %<\/strong>&nbsp;des achats dans les&nbsp;<strong>\u00celes Bal\u00e9ares<\/strong>&nbsp;provenaient de non-r\u00e9sidents,<\/li>\n\n\n\n<li><strong>21 %<\/strong>&nbsp;dans les&nbsp;<strong>\u00celes Canaries<\/strong>,<\/li>\n\n\n\n<li><strong>19 %<\/strong>&nbsp;dans la&nbsp;<strong>Communaut\u00e9 valencienne<\/strong>&nbsp;(Costa Blanca),<\/li>\n\n\n\n<li><strong>14 %<\/strong>&nbsp;dans la r\u00e9gion de&nbsp;<strong>Murcie<\/strong>&nbsp;(Costa C\u00e1lida).<\/li>\n<\/ul>\n\n\n\n<p>Autrement dit, les prix de l\u2019immobilier sur les c\u00f4tes sont fortement influenc\u00e9s par des acheteurs internationaux, souvent moins sensibles aux cycles \u00e9conomiques espagnols.<\/p>\n\n\n\n<h3 class=\"wp-block-heading\"><strong>3.2 Une p\u00e9nurie d\u2019offre structurelle<\/strong><\/h3>\n\n\n\n<p>Tous les grands rapports \u2013 BBVA, REBS, Bankinter \u2013 soulignent le m\u00eame probl\u00e8me :&nbsp;<strong>trop peu de logements neufs sont construits<\/strong>.<\/p>\n\n\n\n<p>BBVA pr\u00e9voit bien une hausse des permis de construire en 2025 et 2026, mais insiste sur le fait que m\u00eame avec des augmentations de 16 % puis 13 %, cela reste insuffisant pour couvrir la demande.<\/p>\n\n\n\n<p>Sur la c\u00f4te, le probl\u00e8me est encore plus marqu\u00e9 :<\/p>\n\n\n\n<ul class=\"wp-block-list\">\n<li>zones naturelles prot\u00e9g\u00e9es,<\/li>\n\n\n\n<li>loi littorale stricte,<\/li>\n\n\n\n<li>foncier limit\u00e9,<\/li>\n\n\n\n<li>proc\u00e9dures administratives longues<\/li>\n<\/ul>\n\n\n\n<p>entretiennent une raret\u00e9 \u00e0 long terme.<\/p>\n\n\n\n<h3 class=\"wp-block-heading\"><strong>3.3 Tourisme et march\u00e9s locatifs<\/strong><\/h3>\n\n\n\n<p>L\u2019Espagne a battu un record touristique en 2024 avec plus de&nbsp;<strong>85 millions de visiteurs<\/strong>, dont une grande partie s\u00e9journe sur les c\u00f4tes.<\/p>\n\n\n\n<p>Pour les investisseurs, cela se traduit par :<\/p>\n\n\n\n<ul class=\"wp-block-list\">\n<li>des taux d\u2019occupation \u00e9lev\u00e9s,<\/li>\n\n\n\n<li>une demande croissante pour les locations de longue dur\u00e9e et les s\u00e9jours d\u2019hiver,<\/li>\n\n\n\n<li>un potentiel de revenus locatifs important,<\/li>\n\n\n\n<li>et un besoin accru de logements modernes et bien situ\u00e9s.<\/li>\n<\/ul>\n\n\n\n<p>Mais cela exerce aussi une pression suppl\u00e9mentaire sur les prix, en particulier dans les march\u00e9s c\u00f4tiers d\u00e9j\u00e0 tendus.<\/p>\n\n\n\n<h3 class=\"wp-block-heading\"><strong>3.4 Une demande en hausse pour les r\u00e9sidences secondaires<\/strong><\/h3>\n\n\n\n<p>Le rapport&nbsp;<em>Vivienda en Costa 2025<\/em>&nbsp;de Tinsa montre que&nbsp;<strong>les r\u00e9sidences secondaires sur la c\u00f4te ont enregistr\u00e9 une hausse de prix de 12,1 %<\/strong>, soit presque le double de la moyenne du march\u00e9 c\u00f4tier.<\/p>\n\n\n\n<p>C\u2019est pr\u00e9cis\u00e9ment le segment dans lequel de nombreux acheteurs internationaux \u2013 y compris les clients d\u2019Akunas \u2013 sont actifs.<\/p>\n\n\n\n<h2 class=\"wp-block-heading\">4. Focus sur les principales r\u00e9gions c\u00f4ti\u00e8res<\/h2>\n\n\n\n<p>Voyons plus en d\u00e9tail les r\u00e9gions les plus pertinentes pour les acheteurs et investisseurs :&nbsp;<strong>Costa Blanca<\/strong>,&nbsp;<strong>Costa C\u00e1lida<\/strong>&nbsp;et&nbsp;<strong>Costa del Sol<\/strong>, avec un bref d\u00e9tour par les \u00eeles.<\/p>\n\n\n\n<h3 class=\"wp-block-heading\"><strong>4.1 Costa Blanca (province d\u2019Alicante)<\/strong><\/h3>\n\n\n\n<p>La province d\u2019Alicante est l\u2019un des march\u00e9s les plus dynamiques d\u2019Espagne :<\/p>\n\n\n\n<ul class=\"wp-block-list\">\n<li>en juin 2025, le prix moyen a atteint&nbsp;<strong>2 435 \u20ac\/m\u00b2<\/strong>,<\/li>\n\n\n\n<li>soit une&nbsp;<strong>hausse annuelle de 16,4 %<\/strong>, d\u2019apr\u00e8s Idealista.<\/li>\n<\/ul>\n\n\n\n<p>Compte tenu de la forte demande internationale, de l\u2019offre limit\u00e9e et de l\u2019excellente accessibilit\u00e9, une hausse des prix de&nbsp;<strong>5 \u00e0 8 % en 2026<\/strong>&nbsp;semble tout \u00e0 fait r\u00e9aliste.<\/p>\n\n\n\n<h3 class=\"wp-block-heading\"><strong>4.2 Costa C\u00e1lida (r\u00e9gion de Murcie)<\/strong><\/h3>\n\n\n\n<p>La Costa C\u00e1lida gagne rapidement en popularit\u00e9 comme alternative plus abordable \u00e0 Alicante ou M\u00e1laga. Les programmes neufs modernes autour de San Javier, San Pedro del Pinatar, Los Alc\u00e1zares ou encore Santa Rosal\u00eda Lake &amp; Life Resort attirent de plus en plus d\u2019acheteurs.<\/p>\n\n\n\n<p>La demande internationale y progresse rapidement : au 1er trimestre 2025,&nbsp;<strong>14 % de toutes les acquisitions en Murcie<\/strong>\u00e9taient le fait de non-r\u00e9sidents.<\/p>\n\n\n\n<p>Pour 2026, on peut s\u2019attendre \u00e0 une augmentation des prix de l\u2019ordre de&nbsp;<strong>5 \u00e0 7 %<\/strong>.<\/p>\n\n\n\n<h3 class=\"wp-block-heading\"><strong>4.3 Costa del Sol (province de M\u00e1laga)<\/strong><\/h3>\n\n\n\n<p>La Costa del Sol reste&nbsp;<strong>le march\u00e9 de luxe num\u00e9ro un<\/strong>&nbsp;en Espagne. M\u00e1laga figure r\u00e9guli\u00e8rement parmi les provinces enregistrant les plus fortes hausses, avec des chiffres annuels autour de&nbsp;<strong>19\u201320 %<\/strong>&nbsp;dans certaines statistiques de 2025.<\/p>\n\n\n\n<p>Marbella, Estepona, Benahav\u00eds et Mijas sont devenues des p\u00f4les internationaux, attirant des acheteurs au pouvoir d\u2019achat \u00e9lev\u00e9.<\/p>\n\n\n\n<p>Pour 2026, la hausse des prix devrait&nbsp;<strong>d\u00e9passer la moyenne nationale<\/strong>, avec une fourchette probable de&nbsp;<strong>5 \u00e0 9 %<\/strong>, selon la localisation et le type de bien.<\/p>\n\n\n\n<h3 class=\"wp-block-heading\"><strong>4.4 \u00celes Bal\u00e9ares &amp; Canaries<\/strong><\/h3>\n\n\n\n<p>Ces march\u00e9s sont les plus chers et les plus contraints en termes d\u2019offre en Espagne, port\u00e9s par :<\/p>\n\n\n\n<ul class=\"wp-block-list\">\n<li>des r\u00e8gles strictes en mati\u00e8re de construction et de location,<\/li>\n\n\n\n<li>un foncier tr\u00e8s limit\u00e9,<\/li>\n\n\n\n<li>une demande internationale soutenue.<\/li>\n<\/ul>\n\n\n\n<p>Pour 2026, une hausse de&nbsp;<strong>6 \u00e0 10 %<\/strong>&nbsp;semble probable, m\u00eame si un encadrement renforc\u00e9 des locations touristiques peut cr\u00e9er des disparit\u00e9s locales.<\/p>\n\n\n\n<h2 class=\"wp-block-heading\">5. Que signifie tout cela si vous souhaitez acheter en 2026 ?<\/h2>\n\n\n\n<p>Prenons un exemple simple : un bien neuf affich\u00e9 \u00e0&nbsp;<strong>300 000 \u20ac en 2025<\/strong>.<\/p>\n\n\n\n<p>En fonction de l\u2019\u00e9volution du march\u00e9 :<\/p>\n\n\n\n<ul class=\"wp-block-list\">\n<li>hausse de&nbsp;<strong>3 % \u2192 309 000 \u20ac<\/strong><\/li>\n\n\n\n<li>hausse de&nbsp;<strong>5 % \u2192 315 000 \u20ac<\/strong><\/li>\n\n\n\n<li>hausse de&nbsp;<strong>7 % \u2192 321 000 \u20ac<\/strong><\/li>\n\n\n\n<li>hausse de&nbsp;<strong>9 % \u2192 327 000 \u20ac<\/strong><\/li>\n<\/ul>\n\n\n\n<p>Autrement dit :&nbsp;<strong>attendre peut facilement vous co\u00fbter entre 15 000 et 25 000 \u20ac<\/strong>, sans compter les frais d\u2019achat, la fiscalit\u00e9, l\u2019ameublement ou d\u2019\u00e9ventuelles variations de taux.<\/p>\n\n\n\n<p>Dans le m\u00eame temps, BBVA et REBS s\u2019attendent \u00e0 une augmentation de l\u2019offre en logements neufs \u2013 mais&nbsp;<strong>pas suffisante pour combler le d\u00e9ficit structurel<\/strong>&nbsp;entre l\u2019offre et la demande.<\/p>\n\n\n\n<p>Plus de choix ne signifie donc pas des prix plus bas.<\/p>\n\n\n\n<h2 class=\"wp-block-heading\">6. Et pour les investisseurs ?<\/h2>\n\n\n\n<p>Pour les investisseurs qui recherchent \u00e0 la fois plus-value et revenus locatifs, le march\u00e9 c\u00f4tier espagnol reste particuli\u00e8rement attractif.<\/p>\n\n\n\n<p>Les principaux atouts :<\/p>\n\n\n\n<h3 class=\"wp-block-heading\"><strong>1. Une forte appr\u00e9ciation du capital<\/strong><\/h3>\n\n\n\n<p>La plupart des pr\u00e9visions indiquent une&nbsp;<strong>croissance annuelle des prix de 5 \u00e0 7 %<\/strong>&nbsp;dans les r\u00e9gions dynamiques, avec un potentiel plus \u00e9lev\u00e9 dans certains \u201chotspots\u201d.<\/p>\n\n\n\n<h3 class=\"wp-block-heading\"><strong>2. Hausse des loyers<\/strong><\/h3>\n\n\n\n<p>Le march\u00e9 locatif est sous pression. En 2024, les loyers ont augment\u00e9 de&nbsp;<strong>11,5 %<\/strong>&nbsp;au niveau national, avec des hausses marqu\u00e9es notamment dans la r\u00e9gion de Valence (Costa Blanca) et en Catalogne.<\/p>\n\n\n\n<h3 class=\"wp-block-heading\"><strong>3. Attractivit\u00e9 de l\u2019immobilier neuf<\/strong><\/h3>\n\n\n\n<p>Les logements neufs offrent :<\/p>\n\n\n\n<ul class=\"wp-block-list\">\n<li>une meilleure efficacit\u00e9 \u00e9nerg\u00e9tique,<\/li>\n\n\n\n<li>des co\u00fbts de maintenance r\u00e9duits,<\/li>\n\n\n\n<li>une forte demande locative,<\/li>\n\n\n\n<li>des plans de paiement \u00e9chelonn\u00e9s propos\u00e9s par les promoteurs.<\/li>\n<\/ul>\n\n\n\n<h3 class=\"wp-block-heading\"><strong>4. Diversification du patrimoine<\/strong><\/h3>\n\n\n\n<p>Dans un contexte financier incertain, l\u2019immobilier c\u00f4tier espagnol reste un actif tangible et solide pour diversifier son patrimoine.<\/p>\n\n\n\n<h2 class=\"wp-block-heading\">7. Les risques susceptibles de ralentir la hausse en 2026<\/h2>\n\n\n\n<p>Comme tout march\u00e9, l\u2019immobilier c\u00f4tier espagnol comporte des risques. Les principaux :<\/p>\n\n\n\n<ul class=\"wp-block-list\">\n<li><strong>R\u00e9glementation locale sur les locations touristiques<\/strong>, surtout sur les \u00eeles<\/li>\n\n\n\n<li><strong>Chocs \u00e9conomiques<\/strong>&nbsp;ou incertitudes g\u00e9opolitiques<\/li>\n\n\n\n<li><strong>Remont\u00e9e inattendue des taux d\u2019int\u00e9r\u00eat<\/strong><\/li>\n\n\n\n<li><strong>\u00c9volutions fiscales ou r\u00e9glementaires<\/strong>&nbsp;dans le secteur du logement<\/li>\n<\/ul>\n\n\n\n<p>N\u00e9anmoins, aucun des grands analystes n\u2019anticipe aujourd\u2019hui une baisse des prix. Ils s\u2019accordent plut\u00f4t sur une&nbsp;<strong>poursuite de la hausse<\/strong>, \u00e9ventuellement \u00e0 un rythme l\u00e9g\u00e8rement moins rapide.<\/p>\n\n\n\n<h2 class=\"wp-block-heading\">8. R\u00e9sum\u00e9 pour les clients d\u2019Akunas : 2026 est-ce le bon moment ?<\/h2>\n\n\n\n<p>Si l\u2019on rassemble l\u2019ensemble des donn\u00e9es et pr\u00e9visions, on obtient l\u2019image suivante pour 2026 :<\/p>\n\n\n\n<ul class=\"wp-block-list\">\n<li><strong>Pour l\u2019Espagne dans son ensemble<\/strong>&nbsp;: une hausse probable de&nbsp;<strong>+3 % \u00e0 +7 %<\/strong>&nbsp;selon les sc\u00e9narios.<\/li>\n\n\n\n<li><strong>Pour les r\u00e9gions c\u00f4ti\u00e8res<\/strong>&nbsp;: des performances&nbsp;<strong>sup\u00e9rieures \u00e0 la moyenne nationale<\/strong>, avec une fourchette r\u00e9aliste de&nbsp;<strong>+5 % \u00e0 +9 %<\/strong>.<\/li>\n\n\n\n<li><strong>Pour les hotspots<\/strong>&nbsp;comme Alicante, M\u00e1laga ou certaines zones insulaires : des hausses potentiellement encore plus importantes, surtout dans le segment du neuf de qualit\u00e9.<\/li>\n<\/ul>\n\n\n\n<p>Pour toute personne qui envisage un achat en 2026, le message cl\u00e9 est le suivant :<\/p>\n\n\n\n<blockquote class=\"wp-block-quote is-layout-flow wp-block-quote-is-layout-flow\">\n<p><strong>Toutes les pr\u00e9visions s\u00e9rieuses indiquent une nouvelle hausse des prix en 2026 \u2013 et non une baisse, en particulier sur les c\u00f4tes espagnoles.<\/strong><\/p>\n<\/blockquote>\n\n\n\n<p>Parier sur une baisse des prix en attendant de \u00ab meilleures affaires \u00bb va donc \u00e0 l\u2019encontre de la tendance actuelle.<\/p>\n\n\n\n<p>La strat\u00e9gie la plus raisonnable consiste \u00e0 se concentrer sur :<\/p>\n\n\n\n<ul class=\"wp-block-list\">\n<li>le bon emplacement,<\/li>\n\n\n\n<li>un projet de qualit\u00e9,<\/li>\n\n\n\n<li>un plan financier sain \u00e0 long terme,<\/li>\n\n\n\n<li>et un accompagnement professionnel \u00e0 chaque \u00e9tape.<\/li>\n<\/ul>\n\n\n\n<h2 class=\"wp-block-heading\">9. Comment Akunas vous accompagne sur ce march\u00e9<\/h2>\n\n\n\n<p>En tant que&nbsp;<strong>sp\u00e9cialiste de l\u2019immobilier neuf sur les c\u00f4tes espagnoles<\/strong>, Akunas vous accompagne pour :<\/p>\n\n\n\n<ul class=\"wp-block-list\">\n<li>s\u00e9lectionner des projets \u00e0 fort potentiel de valorisation et de rendement locatif,<\/li>\n\n\n\n<li>comprendre le march\u00e9 local (prix, permis, r\u00e8gles de location),<\/li>\n\n\n\n<li>s\u00e9curiser tout le processus d\u2019achat : de la premi\u00e8re visite \u00e0 la signature chez le notaire,<\/li>\n\n\n\n<li>vous mettre en relation avec des partenaires juridiques et fiscaux fiables,<\/li>\n\n\n\n<li>et vous assister apr\u00e8s la remise des cl\u00e9s.<\/li>\n<\/ul>\n\n\n\n<p>Sur un march\u00e9 o\u00f9 les prix ont toutes les chances de continuer \u00e0 augmenter, l\u2019objectif n\u2019est pas seulement \u00ab d\u2019acheter maintenant \u00bb, mais surtout&nbsp;<strong>d\u2019acheter bien<\/strong>&nbsp;: au bon endroit, dans le bon projet, au bon moment, avec la bonne \u00e9quipe \u00e0 vos c\u00f4t\u00e9s.<\/p>\n","protected":false},"excerpt":{"rendered":"<p>Pourquoi acheter ne sera probablement pas moins cher Le march\u00e9 immobilier espagnol est loin de se refroidir. Au contraire : 2024 et 2025 montrent les plus fortes hausses de prix depuis la derni\u00e8re grande phase de boom immobilier, et tous les grands analystes s\u2019attendent \u00e0 de nouvelles augmentations en 2026, ce qui soul\u00e8ve des questions [&hellip;]<\/p>\n","protected":false},"author":7,"featured_media":12891,"comment_status":"closed","ping_status":"closed","sticky":false,"template":"","format":"standard","meta":{"_acf_changed":false,"footnotes":""},"categories":[52],"tags":[],"class_list":["post-12903","post","type-post","status-publish","format-standard","has-post-thumbnail","hentry","category-marche-immobilier-espagnol-actualites"],"acf":[],"_links":{"self":[{"href":"https:\/\/www.akunas.com\/fr\/wp-json\/wp\/v2\/posts\/12903","targetHints":{"allow":["GET"]}}],"collection":[{"href":"https:\/\/www.akunas.com\/fr\/wp-json\/wp\/v2\/posts"}],"about":[{"href":"https:\/\/www.akunas.com\/fr\/wp-json\/wp\/v2\/types\/post"}],"author":[{"embeddable":true,"href":"https:\/\/www.akunas.com\/fr\/wp-json\/wp\/v2\/users\/7"}],"replies":[{"embeddable":true,"href":"https:\/\/www.akunas.com\/fr\/wp-json\/wp\/v2\/comments?post=12903"}],"version-history":[{"count":1,"href":"https:\/\/www.akunas.com\/fr\/wp-json\/wp\/v2\/posts\/12903\/revisions"}],"predecessor-version":[{"id":12908,"href":"https:\/\/www.akunas.com\/fr\/wp-json\/wp\/v2\/posts\/12903\/revisions\/12908"}],"wp:featuredmedia":[{"embeddable":true,"href":"https:\/\/www.akunas.com\/fr\/wp-json\/wp\/v2\/media\/12891"}],"wp:attachment":[{"href":"https:\/\/www.akunas.com\/fr\/wp-json\/wp\/v2\/media?parent=12903"}],"wp:term":[{"taxonomy":"category","embeddable":true,"href":"https:\/\/www.akunas.com\/fr\/wp-json\/wp\/v2\/categories?post=12903"},{"taxonomy":"post_tag","embeddable":true,"href":"https:\/\/www.akunas.com\/fr\/wp-json\/wp\/v2\/tags?post=12903"}],"curies":[{"name":"wp","href":"https:\/\/api.w.org\/{rel}","templated":true}]}}