{"id":12744,"date":"2025-10-30T17:28:08","date_gmt":"2025-10-30T16:28:08","guid":{"rendered":"https:\/\/www.akunas.com\/?p=12744"},"modified":"2026-01-10T07:36:52","modified_gmt":"2026-01-10T06:36:52","slug":"vin-et-culture-en-espagne","status":"publish","type":"post","link":"https:\/\/www.akunas.com\/fr\/12744-vin-et-culture-en-espagne","title":{"rendered":"Vin et culture en Espagne \u2013 D\u00e9couvrez les plus belles r\u00e9gions"},"content":{"rendered":"\n<p>Il y a quelque chose d\u2019intemporel dans l\u2019Espagne. La lumi\u00e8re, le parfum des agrumes et des oliviers, le rythme des conversations sur les places o\u00f9 le jour s\u2019efface lentement sous le soleil du soir.<br>Ici, tout tourne autour du go\u00fbt et de la sensation \u2014 le vin, la gastronomie, la musique et une culture profond\u00e9ment ancr\u00e9e dans la vie quotidienne.<br>Avec la&nbsp;<strong>plus grande surface viticole du monde<\/strong>&nbsp;et&nbsp;<strong>plus de 50 sites class\u00e9s au patrimoine mondial de l\u2019UNESCO<\/strong>, l\u2019Espagne compte parmi les destinations les plus fascinantes pour les amateurs de&nbsp;<strong>vin, de culture et d\u2019art de vivre<\/strong>.<\/p>\n\n\n\n<h3 class=\"wp-block-heading\">Vin et culture en Espagne \u2013 D\u00e9couvrez les plus belles r\u00e9gions !<\/h3>\n\n\n\n<figure class=\"wp-block-image size-large wp-duotone-duotone-2\"><img loading=\"lazy\" decoding=\"async\" width=\"1920\" height=\"764\" src=\"https:\/\/www.akunas.com\/wp-content\/uploads\/2025\/10\/Vineyard-in-the-wine-region-of-the-Penedes-designation-of-origin-in-the-province-of-Barcelona-in-Catalonia-Spain-1920x764.webp\" alt=\"Vin et culture en Espagne\" class=\"wp-image-12723\" srcset=\"https:\/\/www.akunas.com\/wp-content\/uploads\/2025\/10\/Vineyard-in-the-wine-region-of-the-Penedes-designation-of-origin-in-the-province-of-Barcelona-in-Catalonia-Spain-1920x764.webp 1920w, https:\/\/www.akunas.com\/wp-content\/uploads\/2025\/10\/Vineyard-in-the-wine-region-of-the-Penedes-designation-of-origin-in-the-province-of-Barcelona-in-Catalonia-Spain-1024x408.webp 1024w, https:\/\/www.akunas.com\/wp-content\/uploads\/2025\/10\/Vineyard-in-the-wine-region-of-the-Penedes-designation-of-origin-in-the-province-of-Barcelona-in-Catalonia-Spain-768x306.webp 768w, https:\/\/www.akunas.com\/wp-content\/uploads\/2025\/10\/Vineyard-in-the-wine-region-of-the-Penedes-designation-of-origin-in-the-province-of-Barcelona-in-Catalonia-Spain-1536x612.webp 1536w, https:\/\/www.akunas.com\/wp-content\/uploads\/2025\/10\/Vineyard-in-the-wine-region-of-the-Penedes-designation-of-origin-in-the-province-of-Barcelona-in-Catalonia-Spain-2048x815.webp 2048w\" sizes=\"auto, (max-width: 1920px) 100vw, 1920px\" \/><\/figure>\n\n\n\n<h2 class=\"wp-block-heading\">Les r\u00e9gions viticoles d\u2019Espagne \u2013 Des saveurs authentiques<\/h2>\n\n\n\n<p>Des c\u00f4tes de la&nbsp;<strong>Costa Blanca<\/strong>&nbsp;aux montagnes de l\u2019<strong>Andalousie<\/strong>, de l\u2019int\u00e9rieur de la&nbsp;<strong>La Mancha<\/strong>&nbsp;aux vall\u00e9es de la&nbsp;<strong>Murcie<\/strong>, chaque r\u00e9gion espagnole raconte une histoire \u00e0 travers son vin.<\/p>\n\n\n\n<h3 class=\"wp-block-heading\"><strong><strong>Yecla \u2013 Tradition et caract\u00e8re au c\u0153ur de la Murcie<\/strong><\/strong><\/h3>\n\n\n\n<p>Non loin de Jumilla se trouve&nbsp;<strong>Yecla<\/strong>, une petite r\u00e9gion viticole raffin\u00e9e. Ici, le&nbsp;<strong>Monastrell<\/strong>&nbsp;domine, mais les vins sont plus \u00e9l\u00e9gants, aux notes de cerise, de romarin et de poivre. Les vignobles, situ\u00e9s entre 500 et 800 m\u00e8tres d\u2019altitude, donnent des vins frais et \u00e9quilibr\u00e9s. Beaucoup de domaines sont familiaux, travaillant les m\u00eames terres depuis plusieurs g\u00e9n\u00e9rations \u2014 un respect de la nature qui se go\u00fbte dans chaque verre..<\/p>\n\n\n\n<h3 class=\"wp-block-heading\"><strong><strong>Utiel-Requena \u2013 La fiert\u00e9 discr\u00e8te de Valence<\/strong><\/strong><\/h3>\n\n\n\n<p>\u00c0 l\u2019int\u00e9rieur des terres de&nbsp;<strong>Valence<\/strong>, nich\u00e9e entre collines et plateaux, la r\u00e9gion d\u2019<strong>Utiel-Requena<\/strong>&nbsp;est le berceau du c\u00e9page&nbsp;<strong>Bobal<\/strong>, qui produit des rouges fruit\u00e9s et vifs. Les vignes, entre 600 et 900 m\u00e8tres d\u2019altitude, profitent de nuits fra\u00eeches malgr\u00e9 le climat m\u00e9diterran\u00e9en. Sous la vieille ville de Requena, un r\u00e9seau de caves anciennes t\u00e9moigne de si\u00e8cles d\u2019histoire viticole, aujourd\u2019hui au c\u0153ur de la&nbsp;<strong>Ruta del Vino<\/strong>.<\/p>\n\n\n\n<h3 class=\"wp-block-heading\"><strong><strong>Jumilla \u2013 La puissance authentique de la Costa C\u00e1lida<\/strong><\/strong><\/h3>\n\n\n\n<p>La r\u00e9gion de&nbsp;<strong>Jumilla<\/strong>, dans la Murcie, est r\u00e9put\u00e9e pour son&nbsp;<strong>Monastrell<\/strong>. L\u2019altitude, le sol calcaire et le climat sec donnent des vins rouges profonds aux ar\u00f4mes d\u2019herbes m\u00e9diterran\u00e9ennes. L\u2019h\u00e9ritage viticole remonte \u00e0 l\u2019\u00e9poque romaine. Aujourd\u2019hui, de petites bodegas familiales allient tradition et innovation. Chaque mois d\u2019ao\u00fbt, la ville c\u00e9l\u00e8bre la&nbsp;<strong>Feria del Vino<\/strong>, une f\u00eate d\u00e9di\u00e9e au vin, \u00e0 la gastronomie et \u00e0 la musique locale.<\/p>\n\n\n\n<figure class=\"wp-block-image size-large wp-duotone-duotone-2\"><img loading=\"lazy\" decoding=\"async\" width=\"1920\" height=\"1280\" src=\"https:\/\/www.akunas.com\/wp-content\/uploads\/2025\/10\/red-wine-San-Simon-Monastrell-Jumilla-1920x1280.webp\" alt=\"red wine San Simon Monastrell Jumilla\" class=\"wp-image-12727\" style=\"aspect-ratio:16\/9;object-fit:cover\" srcset=\"https:\/\/www.akunas.com\/wp-content\/uploads\/2025\/10\/red-wine-San-Simon-Monastrell-Jumilla-1920x1280.webp 1920w, https:\/\/www.akunas.com\/wp-content\/uploads\/2025\/10\/red-wine-San-Simon-Monastrell-Jumilla-1024x683.webp 1024w, https:\/\/www.akunas.com\/wp-content\/uploads\/2025\/10\/red-wine-San-Simon-Monastrell-Jumilla-768x512.webp 768w, https:\/\/www.akunas.com\/wp-content\/uploads\/2025\/10\/red-wine-San-Simon-Monastrell-Jumilla-1536x1024.webp 1536w, https:\/\/www.akunas.com\/wp-content\/uploads\/2025\/10\/red-wine-San-Simon-Monastrell-Jumilla-2048x1365.webp 2048w\" sizes=\"auto, (max-width: 1920px) 100vw, 1920px\" \/><\/figure>\n\n\n\n<h3 class=\"wp-block-heading\"><strong><strong>Alicante D.O. \u2013 Le vin et la mer sur la Costa Blanca<\/strong><\/strong><\/h3>\n\n\n\n<p>Entre littoral et arri\u00e8re-pays, la r\u00e9gion viticole d\u2019<strong>Alicante D.O.<\/strong>&nbsp;est l\u2019une des plus anciennes d\u2019Espagne. Au XVI\u1d49 si\u00e8cle, les barriques de&nbsp;<strong>Fondill\u00f3n<\/strong>&nbsp;s\u2019exportaient d\u00e9j\u00e0 vers le nord de l\u2019Europe. Ce vin ambr\u00e9 de Monastrell, vieilli lentement en f\u00fbt, offre des ar\u00f4mes de raisins secs, de noix et de tabac. Aujourd\u2019hui, les caves modernes produisent \u00e9galement des ros\u00e9s et des blancs frais, parfaits pour accompagner la cuisine m\u00e9diterran\u00e9enne.<\/p>\n\n\n\n<h3 class=\"wp-block-heading\"><strong><strong>Vall\u00e9e de Jal\u00f3n \u2013 Le tr\u00e9sor viticole de la Costa Blanca<\/strong><\/strong><\/h3>\n\n\n\n<p><span style=\"letter-spacing: normal; white-space: normal; caret-color: rgb(0, 0, 0); color: rgb(0, 0, 0); font-size: medium;\">Au c\u0153ur de la&nbsp;<\/span><strong data-start=\"3314\" data-end=\"3329\" style=\"letter-spacing: normal; white-space: normal; caret-color: rgb(0, 0, 0); color: rgb(0, 0, 0);\">Marina Alta<\/strong><span style=\"letter-spacing: normal; white-space: normal; caret-color: rgb(0, 0, 0); color: rgb(0, 0, 0); font-size: medium;\">, \u00e0 quelques kilom\u00e8tres de J\u00e1vea et Calpe, s\u2019\u00e9tend la&nbsp;<\/span><strong data-start=\"3383\" data-end=\"3416\" style=\"letter-spacing: normal; white-space: normal; caret-color: rgb(0, 0, 0); color: rgb(0, 0, 0);\">vall\u00e9e de Jal\u00f3n (Vall de Pop)<\/strong><span style=\"letter-spacing: normal; white-space: normal; caret-color: rgb(0, 0, 0); color: rgb(0, 0, 0); font-size: medium;\">. On y cultive le&nbsp;<\/span><strong data-start=\"3434\" data-end=\"3459\" style=\"letter-spacing: normal; white-space: normal; caret-color: rgb(0, 0, 0); color: rgb(0, 0, 0);\">Moscatel d\u2019Alexandrie<\/strong><span style=\"letter-spacing: normal; white-space: normal; caret-color: rgb(0, 0, 0); color: rgb(0, 0, 0); font-size: medium;\">, un c\u00e9page aromatique qui donne des vins doux aux notes de miel, de fleurs et d\u2019agrumes. En f\u00e9vrier, la vall\u00e9e se pare de rose et de blanc gr\u00e2ce aux amandiers en fleurs. Chaque automne, le village de Jal\u00f3n c\u00e9l\u00e8bre la vendange avec la&nbsp;<\/span><strong data-start=\"3694\" data-end=\"3714\" style=\"letter-spacing: normal; white-space: normal; caret-color: rgb(0, 0, 0); color: rgb(0, 0, 0);\">Fiesta de la Uva<\/strong><span style=\"letter-spacing: normal; white-space: normal; caret-color: rgb(0, 0, 0); color: rgb(0, 0, 0); font-size: medium;\">, un festival de musique, de danse et de vin.<\/span><\/p>\n\n\n\n<h3 class=\"wp-block-heading\"><strong><strong>Ronda \u2013 Vin et histoire au c\u0153ur de l\u2019Andalousie<\/strong><\/strong><\/h3>\n\n\n\n<p>Dans les montagnes d\u2019<strong>Andalousie<\/strong>, la ville de&nbsp;<strong>Ronda<\/strong>&nbsp;domine la gorge du Guadalev\u00edn. Ses vignobles, entre 700 et 1 000 m\u00e8tres d\u2019altitude, produisent des vins \u00e9l\u00e9gants \u00e0 base de&nbsp;<strong>Tempranillo<\/strong>,&nbsp;<strong>Syrah<\/strong>&nbsp;et&nbsp;<strong>Cabernet Sauvignon<\/strong>. Ronda allie beaut\u00e9 naturelle et patrimoine historique. Des \u00e9crivains comme&nbsp;<strong>Hemingway<\/strong>&nbsp;et&nbsp;<strong>Orson Welles<\/strong>&nbsp;y ont trouv\u00e9 l\u2019inspiration, entre oliveraies et vieilles murailles.<\/p>\n\n\n\n<h2 class=\"wp-block-heading\">L\u2019\u00e2me de l\u2019Espagne<\/h2>\n\n\n\n<p>Le vin et la culture sont indissociables en Espagne. Chaque r\u00e9gion, chaque ville et chaque verre porte en lui l\u2019histoire du pays.<\/p>\n\n\n\n<p>En&nbsp;<strong>Andalousie<\/strong>, l\u2019<strong>Alhambra<\/strong>&nbsp;de Grenade et la&nbsp;<strong>Mezquita<\/strong>&nbsp;de Cordoue rappellent la splendeur mauresque. \u00c0&nbsp;<strong>Valence<\/strong>, la&nbsp;<strong>Cit\u00e9 des arts et des sciences<\/strong>&nbsp;incarne la cr\u00e9ativit\u00e9 moderne, tandis que les march\u00e9s gothiques racontent le pass\u00e9 commer\u00e7ant. M\u00eame les petites villes comme&nbsp;<strong>Murcie<\/strong>&nbsp;et&nbsp;<strong>Tol\u00e8de<\/strong>&nbsp;respirent l\u2019histoire \u00e0 travers leurs places et leurs fa\u00e7ades baroques.<\/p>\n\n\n\n<h2 class=\"wp-block-heading\">Art, musique et f\u00eate<\/h2>\n\n\n\n<p>L\u2019Espagne vit au rythme de sa musique. Au sud r\u00e9sonne le&nbsp;<strong>flamenco<\/strong>, plein d\u2019\u00e9motion et de passion. Au nord, on entend le son des cornemuses, et en Catalogne, les gens dansent la&nbsp;<strong>sardane<\/strong>, main dans la main.<\/p>\n\n\n\n<p>La&nbsp;<strong>Feria de Abril<\/strong>&nbsp;\u00e0 S\u00e9ville, les d\u00e9fil\u00e9s des&nbsp;<strong>Maures et Chr\u00e9tiens<\/strong>&nbsp;\u00e0 Alicante, ou encore les&nbsp;<strong>Fallas<\/strong>&nbsp;de Valence animent l\u2019ann\u00e9e de feu, de musique et de tradition.<br>Chaque f\u00eate exprime le temp\u00e9rament espagnol : joyeux, expressif et profond\u00e9ment enracin\u00e9 dans la communaut\u00e9.<\/p>\n\n\n\n<h2 class=\"wp-block-heading\">L\u2019art de la table<\/h2>\n\n\n\n<p>La cuisine espagnole est simple, mais g\u00e9niale dans son \u00e9quilibre. Des&nbsp;<strong>tapas<\/strong>&nbsp;\u00e0 la&nbsp;<strong>paella<\/strong>, des fruits de mer frais \u00e0 l\u2019agneau grill\u00e9 \u2014 chaque plat refl\u00e8te le paysage dont il est issu.<\/p>\n\n\n\n<p>Sur la c\u00f4te, tout tourne autour du poisson, des olives et du vin ; \u00e0 l\u2019int\u00e9rieur des terres, des rago\u00fbts, des fromages et des viandes locales.<br>Partout, le sens du repas reste le m\u00eame : partager. Un repas en Espagne n\u2019est jamais press\u00e9 \u2014 c\u2019est un moment de lien, souvent accompagn\u00e9 d\u2019un bon verre de vin local.<\/p>\n\n\n\n<figure class=\"wp-block-image size-large wp-duotone-duotone-2\"><img loading=\"lazy\" decoding=\"async\" width=\"1920\" height=\"1097\" src=\"https:\/\/www.akunas.com\/wp-content\/uploads\/2025\/10\/AdobeStock_1607281654-1920x1097.webp\" alt=\"Paella dish with Spanish wine\" class=\"wp-image-12733\" style=\"aspect-ratio:16\/9;object-fit:cover\" srcset=\"https:\/\/www.akunas.com\/wp-content\/uploads\/2025\/10\/AdobeStock_1607281654-1920x1097.webp 1920w, https:\/\/www.akunas.com\/wp-content\/uploads\/2025\/10\/AdobeStock_1607281654-1024x585.webp 1024w, https:\/\/www.akunas.com\/wp-content\/uploads\/2025\/10\/AdobeStock_1607281654-768x439.webp 768w, https:\/\/www.akunas.com\/wp-content\/uploads\/2025\/10\/AdobeStock_1607281654-1536x878.webp 1536w, https:\/\/www.akunas.com\/wp-content\/uploads\/2025\/10\/AdobeStock_1607281654-2048x1170.webp 2048w\" sizes=\"auto, (max-width: 1920px) 100vw, 1920px\" \/><\/figure>\n\n\n\n<h2 class=\"wp-block-heading\">Le style de vie m\u00e9diterran\u00e9en<\/h2>\n\n\n\n<p>En Espagne, le temps suit un autre rythme. Les journ\u00e9es commencent doucement, les apr\u00e8s-midis s\u2019\u00e9tirent, et les soir\u00e9es appartiennent aux amis, \u00e0 la famille et aux longues conversations.<\/p>\n\n\n\n<p>Sur la&nbsp;<strong>Costa Blanca<\/strong>, la&nbsp;<strong>Costa C\u00e1lida<\/strong>&nbsp;et la&nbsp;<strong>Costa del Sol<\/strong>, la vie se nourrit de soleil et de mer, mais aussi de culture et de tradition.<br>C\u2019est cet \u00e9quilibre entre d\u00e9tente et profondeur qui rend l\u2019Espagne si irr\u00e9sistible.<br>Ici, on comprend ce que signifie vraiment&nbsp;<em>disfrutar la vida<\/em>&nbsp;\u2014 profiter de la vie dans toute sa simplicit\u00e9 et sa beaut\u00e9.<\/p>\n\n\n\n<h2 class=\"wp-block-heading\">Un pays \u00e0 vivre<\/h2>\n\n\n\n<p>Du puissant&nbsp;<strong>Monastrell<\/strong>&nbsp;de Jumilla au&nbsp;<strong>Moscatel dor\u00e9<\/strong>&nbsp;de la vall\u00e9e de&nbsp;<strong>Jal\u00f3n<\/strong>, du&nbsp;<strong>flamenco<\/strong>&nbsp;de S\u00e9ville \u00e0 l\u2019art moderne de&nbsp;<strong>Valence<\/strong>, l\u2019Espagne n\u2019est pas un pays qu\u2019on lit \u2014 c\u2019est un pays qu\u2019on vit.<\/p>\n\n\n\n<p>C\u2019est un lieu o\u00f9 le soleil, l\u2019histoire et la joie de vivre se rejoignent. Chaque r\u00e9gion a sa propre voix, et chaque verre de vin raconte une histoire.<\/p>\n\n\n\n<p>L\u2019Espagne n\u2019est pas une destination.<br><strong>C\u2019est une \u00e9motion que l\u2019on emporte avec soi \u2014&nbsp;chaleureuse, intense et inoubliable.<\/strong><\/p>\n\n\n\n<p><\/p>\n","protected":false},"excerpt":{"rendered":"<p>Il y a quelque chose d\u2019intemporel dans l\u2019Espagne. La lumi\u00e8re, le parfum des agrumes et des oliviers, le rythme des conversations sur les places o\u00f9 le jour s\u2019efface lentement sous le soleil du soir.Ici, tout tourne autour du go\u00fbt et de la sensation \u2014 le vin, la gastronomie, la musique et une culture profond\u00e9ment ancr\u00e9e [&hellip;]<\/p>\n","protected":false},"author":7,"featured_media":12721,"comment_status":"closed","ping_status":"closed","sticky":false,"template":"","format":"standard","meta":{"_acf_changed":false,"footnotes":""},"categories":[48,52],"tags":[],"class_list":["post-12744","post","type-post","status-publish","format-standard","has-post-thumbnail","hentry","category-mode-de-vie-et-habitat-en-espagne","category-marche-immobilier-espagnol-actualites"],"acf":[],"_links":{"self":[{"href":"https:\/\/www.akunas.com\/fr\/wp-json\/wp\/v2\/posts\/12744","targetHints":{"allow":["GET"]}}],"collection":[{"href":"https:\/\/www.akunas.com\/fr\/wp-json\/wp\/v2\/posts"}],"about":[{"href":"https:\/\/www.akunas.com\/fr\/wp-json\/wp\/v2\/types\/post"}],"author":[{"embeddable":true,"href":"https:\/\/www.akunas.com\/fr\/wp-json\/wp\/v2\/users\/7"}],"replies":[{"embeddable":true,"href":"https:\/\/www.akunas.com\/fr\/wp-json\/wp\/v2\/comments?post=12744"}],"version-history":[{"count":1,"href":"https:\/\/www.akunas.com\/fr\/wp-json\/wp\/v2\/posts\/12744\/revisions"}],"predecessor-version":[{"id":12757,"href":"https:\/\/www.akunas.com\/fr\/wp-json\/wp\/v2\/posts\/12744\/revisions\/12757"}],"wp:featuredmedia":[{"embeddable":true,"href":"https:\/\/www.akunas.com\/fr\/wp-json\/wp\/v2\/media\/12721"}],"wp:attachment":[{"href":"https:\/\/www.akunas.com\/fr\/wp-json\/wp\/v2\/media?parent=12744"}],"wp:term":[{"taxonomy":"category","embeddable":true,"href":"https:\/\/www.akunas.com\/fr\/wp-json\/wp\/v2\/categories?post=12744"},{"taxonomy":"post_tag","embeddable":true,"href":"https:\/\/www.akunas.com\/fr\/wp-json\/wp\/v2\/tags?post=12744"}],"curies":[{"name":"wp","href":"https:\/\/api.w.org\/{rel}","templated":true}]}}