{"id":12748,"date":"2025-10-30T17:39:52","date_gmt":"2025-10-30T16:39:52","guid":{"rendered":"https:\/\/www.akunas.com\/?p=12748"},"modified":"2025-10-30T17:56:12","modified_gmt":"2025-10-30T16:56:12","slug":"wein-und-kultur-in-spanien","status":"publish","type":"post","link":"https:\/\/www.akunas.com\/de\/12748-wein-und-kultur-in-spanien","title":{"rendered":"Spanien \u2013 eines der sch\u00f6nsten Reiseziele Europas f\u00fcr Wein- und Kulturliebhaber"},"content":{"rendered":"\n<p>Es gibt etwas Zeitloses an Spanien \u2013 das Licht, der Duft von Zitrusfr\u00fcchten und Oliven, das leise Murmeln der Gespr\u00e4che auf den Pl\u00e4tzen, wo der Tag langsam in der Abendsonne vergeht.<\/p>\n\n\n\n<p>Hier dreht sich alles um Geschmack und Erlebnis \u2013 um Wein, Essen, Musik und eine Kultur, die tief im t\u00e4glichen Leben verwurzelt ist.<br>Mit der\u00a0<strong>gr\u00f6\u00dften Rebfl\u00e4che der Welt<\/strong>\u00a0und\u00a0<strong>\u00fcber 50 UNESCO-Welterbest\u00e4tten<\/strong>\u00a0geh\u00f6rt Spanien zu den vielseitigsten Reisezielen f\u00fcr Liebhaber von\u00a0<strong>Wein, Kultur und Lebenskunst<\/strong>.<\/p>\n\n\n\n<h4 class=\"wp-block-heading\">Wein und Kultur in Spanien \u2013 Entdecken Sie die Regionen<\/h4>\n\n\n\n<figure class=\"wp-block-image size-large wp-duotone-duotone-2\"><img loading=\"lazy\" decoding=\"async\" width=\"1920\" height=\"764\" src=\"https:\/\/www.akunas.com\/wp-content\/uploads\/2025\/10\/Vineyard-in-the-wine-region-of-the-Penedes-designation-of-origin-in-the-province-of-Barcelona-in-Catalonia-Spain-1920x764.webp\" alt=\"Wein und Kultur in Spanien \u2013 Entdecken Sie die Regionen\" class=\"wp-image-12723\" srcset=\"https:\/\/www.akunas.com\/wp-content\/uploads\/2025\/10\/Vineyard-in-the-wine-region-of-the-Penedes-designation-of-origin-in-the-province-of-Barcelona-in-Catalonia-Spain-1920x764.webp 1920w, https:\/\/www.akunas.com\/wp-content\/uploads\/2025\/10\/Vineyard-in-the-wine-region-of-the-Penedes-designation-of-origin-in-the-province-of-Barcelona-in-Catalonia-Spain-1024x408.webp 1024w, https:\/\/www.akunas.com\/wp-content\/uploads\/2025\/10\/Vineyard-in-the-wine-region-of-the-Penedes-designation-of-origin-in-the-province-of-Barcelona-in-Catalonia-Spain-768x306.webp 768w, https:\/\/www.akunas.com\/wp-content\/uploads\/2025\/10\/Vineyard-in-the-wine-region-of-the-Penedes-designation-of-origin-in-the-province-of-Barcelona-in-Catalonia-Spain-1536x612.webp 1536w, https:\/\/www.akunas.com\/wp-content\/uploads\/2025\/10\/Vineyard-in-the-wine-region-of-the-Penedes-designation-of-origin-in-the-province-of-Barcelona-in-Catalonia-Spain-2048x815.webp 2048w\" sizes=\"auto, (max-width: 1920px) 100vw, 1920px\" \/><\/figure>\n\n\n\n<h2 class=\"wp-block-heading\">Die Weinregionen Spaniens \u2013 Geschmack mit Charakter<\/h2>\n\n\n\n<p>Von den K\u00fcsten der\u00a0<strong>Costa Blanca<\/strong>\u00a0bis zu den Bergen Andalusiens, vom Landesinneren\u00a0<strong>La Mancha<\/strong>\u00a0bis zu den T\u00e4lern Murcias \u2013 \u00fcberall erz\u00e4hlt der Wein seine eigene Geschichte.<\/p>\n\n\n\n<h3 class=\"wp-block-heading\"><strong><strong><strong>Yecla \u2013 Tradition und Charakter im Herzen Murcias<\/strong><\/strong><\/strong><\/h3>\n\n\n\n<p>Nicht weit von Jumilla liegt\u00a0<strong>Yecla<\/strong>, eine kleine, aber besonders feine Weinregion. Auch hier spielt die\u00a0<strong>Monastrell-Traube<\/strong>die Hauptrolle, doch die Weine sind etwas eleganter \u2013 mit Aromen von Kirsche, Rosmarin und einem Hauch Pfeffer.<br>Die Weinberge liegen auf 500 bis 800 Metern H\u00f6he, was den Weinen Frische und Tiefe verleiht. Viele Weing\u00fcter sind Familienbetriebe, die ihre Weinberge seit Generationen pflegen \u2013 der Respekt vor der Natur ist in jedem Schluck sp\u00fcrbar.<\/p>\n\n\n\n<h3 class=\"wp-block-heading\"><strong><strong><strong>Utiel-Requena \u2013 Der stille Stolz Valencias<\/strong><\/strong><\/strong><\/h3>\n\n\n\n<p>Im Hinterland von\u00a0<strong>Valencia<\/strong>\u00a0liegt\u00a0<strong>Utiel-Requena<\/strong>, die Heimat der autochthonen\u00a0<strong>Bobal-Traube<\/strong>. Diese Rebsorte bringt fruchtige, lebendige Rotweine mit angenehmer S\u00e4ure hervor.  Unter der Altstadt von Requena befindet sich ein Netz jahrhundertealter Weinkeller, das heute Teil der\u00a0<strong>Ruta del Vino<\/strong>\u00a0ist \u2013 eine Reise durch die lebendige Geschichte des Weinbaus.<\/p>\n\n\n\n<h3 class=\"wp-block-heading\"><strong><strong><strong>Jumilla \u2013 Authentische Kraft von der Costa C\u00e1lida<\/strong><\/strong><\/strong><\/h3>\n\n\n\n<p>Die Region\u00a0<strong>Jumilla<\/strong>\u00a0in Murcia ist bekannt f\u00fcr ihre\u00a0<strong>Monastrell-Traube<\/strong>. Die Kombination aus H\u00f6he, kalkhaltigem Boden und trockenem Klima ergibt intensive Rotweine mit w\u00fcrzigen Noten.<br>Die Weintradition reicht bis in die R\u00f6merzeit zur\u00fcck. Heute verbinden kleine\u00a0<strong>Bodegas<\/strong>\u00a0Tradition mit Innovation. Jedes Jahr im August feiert man die\u00a0<strong>Feria del Vino<\/strong>, ein Fest voller Wein, lokaler K\u00fcche und Musik.<\/p>\n\n\n\n<figure class=\"wp-block-image size-large wp-duotone-duotone-2\"><img loading=\"lazy\" decoding=\"async\" width=\"1920\" height=\"1280\" src=\"https:\/\/www.akunas.com\/wp-content\/uploads\/2025\/10\/red-wine-San-Simon-Monastrell-Jumilla-1920x1280.webp\" alt=\"red wine San Simon Monastrell Jumilla\" class=\"wp-image-12727\" style=\"aspect-ratio:16\/9;object-fit:cover\" srcset=\"https:\/\/www.akunas.com\/wp-content\/uploads\/2025\/10\/red-wine-San-Simon-Monastrell-Jumilla-1920x1280.webp 1920w, https:\/\/www.akunas.com\/wp-content\/uploads\/2025\/10\/red-wine-San-Simon-Monastrell-Jumilla-1024x683.webp 1024w, https:\/\/www.akunas.com\/wp-content\/uploads\/2025\/10\/red-wine-San-Simon-Monastrell-Jumilla-768x512.webp 768w, https:\/\/www.akunas.com\/wp-content\/uploads\/2025\/10\/red-wine-San-Simon-Monastrell-Jumilla-1536x1024.webp 1536w, https:\/\/www.akunas.com\/wp-content\/uploads\/2025\/10\/red-wine-San-Simon-Monastrell-Jumilla-2048x1365.webp 2048w\" sizes=\"auto, (max-width: 1920px) 100vw, 1920px\" \/><\/figure>\n\n\n\n<h3 class=\"wp-block-heading\"><strong><strong><strong>Alicante D.O. \u2013 Wein und Meer an der Costa Blanca<\/strong><\/strong><\/strong><\/h3>\n\n\n\n<p>Entlang der K\u00fcste und im Hinterland erstreckt sich die Weinregion\u00a0<strong>Alicante D.O.<\/strong>, eine der \u00e4ltesten Spaniens. Bereits im 16. Jahrhundert wurde der ber\u00fchmte\u00a0<strong>Fondill\u00f3n<\/strong>\u00a0nach Nordeuropa exportiert \u2013 ein langsam gereifter Monastrell mit Aromen von Rosinen, N\u00fcssen und Tabak.<br>Heute produzieren moderne Weing\u00fcter in Alicante auch frische Ros\u00e9s und Wei\u00dfweine, die perfekt zum mediterranen Klima und zur regionalen K\u00fcche passen.<\/p>\n\n\n\n<h3 class=\"wp-block-heading\"><strong><strong><strong>Jal\u00f3n-Tal \u2013 Der Weinschatz der Costa Blanca<\/strong><\/strong><\/strong><\/h3>\n\n\n\n<p>Eingebettet in die Berge der\u00a0<strong>Marina Alta<\/strong>, nur eine Viertelstunde von der K\u00fcste bei J\u00e1vea und Calpe entfernt, liegt das\u00a0<strong>Jal\u00f3n-Tal (Vall de Pop)<\/strong>. Hier w\u00e4chst die aromatische\u00a0<strong>Moscatel de Alejandr\u00eda<\/strong>, die sanfte Dessertweine mit Noten von Honig, Zitrusfr\u00fcchten und Blumen hervorbringt.<br>Bekannte Weing\u00fcter wie\u00a0<strong>Bodegas Xal\u00f3<\/strong>\u00a0produzieren sowohl klassische als auch moderne Moscatel-Weine. Jedes Jahr im Herbst feiert das Dorf\u00a0<strong>Jal\u00f3n<\/strong>\u00a0das\u00a0<strong>Fiesta de la Uva<\/strong>\u00a0\u2013 ein Fest voller Wein, Tanz und regionaler Spezialit\u00e4ten.<\/p>\n\n\n\n<h3 class=\"wp-block-heading\"><strong><strong><strong>Ronda \u2013 Wein und Geschichte im Herzen Andalusiens<\/strong><\/strong><\/strong><\/h3>\n\n\n\n<p>In den Bergen Andalusiens, hoch \u00fcber dem Tal des Flusses Guadalev\u00edn, liegt\u00a0<strong>Ronda<\/strong>. Auf 700 bis 1.000 Metern H\u00f6he wachsen\u00a0<strong>Tempranillo<\/strong>,\u00a0<strong>Syrah<\/strong>\u00a0und\u00a0<strong>Cabernet Sauvignon<\/strong>\u00a0im k\u00fchlen Bergklima.<br>Die Weine aus Ronda sind fein, w\u00fcrzig und ausgewogen \u2013 ein Spiegelbild der Landschaft. Die Stadt, bekannt f\u00fcr ihre Steinbr\u00fccke\u00a0<strong>Puente Nuevo<\/strong>, verbindet Geschichte und Weinbau auf einzigartige Weise. Rund um Ronda laden kleine Weing\u00fcter zu Verkostungen zwischen Olivenhainen und alten Klostermauern ein.<\/p>\n\n\n\n<h2 class=\"wp-block-heading\">Die Seele Spaniens<\/h2>\n\n\n\n<p>Wein und Kultur sind in Spanien untrennbar miteinander verbunden. Jede Region, jede Stadt und jedes Glas erz\u00e4hlt von der Vergangenheit.<\/p>\n\n\n\n<p>In\u00a0<strong>Andalusien<\/strong>\u00a0sp\u00fcrt man den Nachhall des maurischen Reiches in Pal\u00e4sten wie der\u00a0<strong>Alhambra<\/strong>\u00a0in Granada und der\u00a0<strong>Mezquita<\/strong>\u00a0in C\u00f3rdoba. In\u00a0<strong>Valencia<\/strong>\u00a0spiegelt die\u00a0<strong>Ciudad de las Artes y las Ciencias<\/strong>\u00a0die moderne Kreativit\u00e4t des Landes wider, w\u00e4hrend der gotische Markt daneben an Jahrhunderte des Handels erinnert.<br>Auch kleinere St\u00e4dte wie\u00a0<strong>Murcia<\/strong>\u00a0und\u00a0<strong>Toledo<\/strong>\u00a0atmen Geschichte: barocke Fassaden, Kl\u00f6ster, Kathedralen und stille Pl\u00e4tze, auf denen die Zeit stillzustehen scheint.<\/p>\n\n\n\n<h2 class=\"wp-block-heading\">Kunst, Musik und Feste<\/h2>\n\n\n\n<p>Spanien lebt im Rhythmus. Im S\u00fcden erklingt der\u00a0<strong>Flamenco<\/strong>, voller Emotion und Leidenschaft. Im Norden h\u00f6rt man den Klang der Dudels\u00e4cke, und in Katalonien tanzen die Menschen die\u00a0<strong>Sardana<\/strong>\u00a0Hand in Hand.<\/p>\n\n\n\n<p>Die\u00a0<strong>Feria de Abril<\/strong>\u00a0in Sevilla, die\u00a0<strong>Moros y Cristianos<\/strong>-Umz\u00fcge in Alicante und die\u00a0<strong>Fallas<\/strong>\u00a0von Valencia erf\u00fcllen das Jahr mit Feuer, Musik und Tradition.<br>Jedes Fest erz\u00e4hlt etwas \u00fcber das spanische Temperament \u2013 lebensfroh, expressiv und tief in der Gemeinschaft verwurzelt.<\/p>\n\n\n\n<h2 class=\"wp-block-heading\">Die Kunst des Essens<\/h2>\n\n\n\n<p>Die spanische K\u00fcche ist einfach, aber genial in ihrer Ausgewogenheit. Von\u00a0<strong>Tapas<\/strong>\u00a0bis\u00a0<strong>Paella<\/strong>, von frischen Meeresfr\u00fcchten bis zu gegrilltem Lamm \u2013 jedes Gericht spiegelt das Land wider.<\/p>\n\n\n\n<p>An der K\u00fcste dreht sich alles um Fisch, Oliven und Wein; im Landesinneren um Eint\u00f6pfe, K\u00e4se und Fleisch aus eigener Zucht.<br>Was \u00fcberall gleich bleibt, ist die Bedeutung des gemeinsamen Essens \u2013 kein hastiges Ritual, sondern ein Moment der Verbindung, begleitet von einem guten Glas lokalen Weins.<\/p>\n\n\n\n<figure class=\"wp-block-image size-large wp-duotone-duotone-2\"><img loading=\"lazy\" decoding=\"async\" width=\"1920\" height=\"1097\" src=\"https:\/\/www.akunas.com\/wp-content\/uploads\/2025\/10\/AdobeStock_1607281654-1920x1097.webp\" alt=\"Paella dish with Spanish wine\" class=\"wp-image-12733\" style=\"aspect-ratio:16\/9;object-fit:cover\" srcset=\"https:\/\/www.akunas.com\/wp-content\/uploads\/2025\/10\/AdobeStock_1607281654-1920x1097.webp 1920w, https:\/\/www.akunas.com\/wp-content\/uploads\/2025\/10\/AdobeStock_1607281654-1024x585.webp 1024w, https:\/\/www.akunas.com\/wp-content\/uploads\/2025\/10\/AdobeStock_1607281654-768x439.webp 768w, https:\/\/www.akunas.com\/wp-content\/uploads\/2025\/10\/AdobeStock_1607281654-1536x878.webp 1536w, https:\/\/www.akunas.com\/wp-content\/uploads\/2025\/10\/AdobeStock_1607281654-2048x1170.webp 2048w\" sizes=\"auto, (max-width: 1920px) 100vw, 1920px\" \/><\/figure>\n\n\n\n<h2 class=\"wp-block-heading\">Der mediterrane Lebensstil<\/h2>\n\n\n\n<p>In Spanien scheint die Zeit einem anderen Rhythmus zu folgen. Die Tage beginnen ruhig, die Nachmittage vergehen langsam, und die Abende geh\u00f6ren Freunden, Familie und langen Gespr\u00e4chen.<\/p>\n\n\n\n<p>An der\u00a0<strong>Costa Blanca<\/strong>,\u00a0<strong>Costa C\u00e1lida<\/strong>\u00a0und\u00a0<strong>Costa del Sol<\/strong>\u00a0ist das Leben erf\u00fcllt von Sonne, Meer, Kultur und Tradition.<br>Diese Balance zwischen Entspannung und Bedeutung macht Spanien so unwiderstehlich. Hier erlebt man, was\u00a0<em>disfrutar la vida<\/em>\u00a0wirklich hei\u00dft \u2013 das Leben in all seiner Einfachheit und Sch\u00f6nheit zu genie\u00dfen.<\/p>\n\n\n\n<h2 class=\"wp-block-heading\">Ein Land zum Erleben<\/h2>\n\n\n\n<p>Vom kr\u00e4ftigen\u00a0<strong>Monastrell<\/strong>\u00a0aus Jumilla bis zum goldenen\u00a0<strong>Moscatel<\/strong>\u00a0aus dem Jal\u00f3n-Tal, vom\u00a0<strong>Flamenco<\/strong>\u00a0in Sevilla bis zur modernen Kunst in Valencia \u2013 Spanien ist kein Land, das man liest, sondern eines, das man erlebt.<\/p>\n\n\n\n<p>Es ist ein Ort, an dem Sonne, Geschichte und Lebensfreude aufeinandertreffen. Jede Region hat ihre eigene Stimme, und jedes Glas Wein erz\u00e4hlt eine Geschichte.<\/p>\n\n\n\n<p><strong>Spanien ist kein Ziel.<\/strong><br>Es ist ein Gef\u00fchl, das man mitnimmt \u2013\u00a0<strong>warm, intensiv und unvergesslich.<\/strong><\/p>\n\n\n\n<p><\/p>\n","protected":false},"excerpt":{"rendered":"<p>Es gibt etwas Zeitloses an Spanien \u2013 das Licht, der Duft von Zitrusfr\u00fcchten und Oliven, das leise Murmeln der Gespr\u00e4che auf den Pl\u00e4tzen, wo der Tag langsam in der Abendsonne vergeht. Hier dreht sich alles um Geschmack und Erlebnis \u2013 um Wein, Essen, Musik und eine Kultur, die tief im t\u00e4glichen Leben verwurzelt ist.Mit der\u00a0gr\u00f6\u00dften [&hellip;]<\/p>\n","protected":false},"author":7,"featured_media":12719,"comment_status":"closed","ping_status":"closed","sticky":false,"template":"","format":"standard","meta":{"_acf_changed":false,"footnotes":""},"categories":[74,67],"tags":[],"class_list":["post-12748","post","type-post","status-publish","format-standard","has-post-thumbnail","hentry","category-lebensstil-und-wohnen-in-spanien","category-spanischer-immobilienmarkt-und-nachrichten"],"acf":[],"_links":{"self":[{"href":"https:\/\/www.akunas.com\/de\/wp-json\/wp\/v2\/posts\/12748","targetHints":{"allow":["GET"]}}],"collection":[{"href":"https:\/\/www.akunas.com\/de\/wp-json\/wp\/v2\/posts"}],"about":[{"href":"https:\/\/www.akunas.com\/de\/wp-json\/wp\/v2\/types\/post"}],"author":[{"embeddable":true,"href":"https:\/\/www.akunas.com\/de\/wp-json\/wp\/v2\/users\/7"}],"replies":[{"embeddable":true,"href":"https:\/\/www.akunas.com\/de\/wp-json\/wp\/v2\/comments?post=12748"}],"version-history":[{"count":1,"href":"https:\/\/www.akunas.com\/de\/wp-json\/wp\/v2\/posts\/12748\/revisions"}],"predecessor-version":[{"id":12751,"href":"https:\/\/www.akunas.com\/de\/wp-json\/wp\/v2\/posts\/12748\/revisions\/12751"}],"wp:featuredmedia":[{"embeddable":true,"href":"https:\/\/www.akunas.com\/de\/wp-json\/wp\/v2\/media\/12719"}],"wp:attachment":[{"href":"https:\/\/www.akunas.com\/de\/wp-json\/wp\/v2\/media?parent=12748"}],"wp:term":[{"taxonomy":"category","embeddable":true,"href":"https:\/\/www.akunas.com\/de\/wp-json\/wp\/v2\/categories?post=12748"},{"taxonomy":"post_tag","embeddable":true,"href":"https:\/\/www.akunas.com\/de\/wp-json\/wp\/v2\/tags?post=12748"}],"curies":[{"name":"wp","href":"https:\/\/api.w.org\/{rel}","templated":true}]}}